{"id":1339,"date":"2020-07-09T13:50:42","date_gmt":"2020-07-09T13:50:42","guid":{"rendered":"https:\/\/wordpress.bowe.com.br\/blog\/?p=1339"},"modified":"2022-04-27T23:17:21","modified_gmt":"2022-04-27T23:17:21","slug":"1-ano-de-lenovo-bowe-match-perfeito","status":"publish","type":"post","link":"https:\/\/bowe.com.br\/blog\/2020\/07\/09\/1-ano-de-lenovo-bowe-match-perfeito\/","title":{"rendered":"1 ano de Lenovo + Bowe: match perfeito?"},"content":{"rendered":"<p><span style=\"font-weight: 400;\">Recentemente fizemos anivers\u00e1rio de 1 ano de parceria entre Lenovo e Bowe. Reflito muito sobre o porqu\u00ea dessa parceria parecer ser um <em>match<\/em> perfeito.<\/span><\/p>\n<p><span style=\"font-weight: 400;\">A Lenovo, uma multinacional que fecha um contrato de alguns d\u00edgitos com uma empresa, at\u00e9 ali com 20 pessoas, nascida h\u00e1 pouco mais de 2 anos no interior de Minas Gerais. Para mim, eu considero isso como consequ\u00eancia de um time de marketing interno com muita vis\u00e3o.<\/span><\/p>\n<p><span style=\"font-weight: 400;\">Eu admiro muito a Lenovo e os profissionais envolvidos. Por esse e outros motivos, acredito que acertaram na decis\u00e3o.<\/span><\/p>\n<p><span style=\"font-weight: 400;\">Na \u00e9poca, confesso que nem eu sabia muito bem os motivos evidentes que os fizeram nos escolher ao lado de fortes concorrentes, inclusive alguns ligados a grupos globais de comunica\u00e7\u00e3o. Mas hoje temos mais certeza sobre isso.<\/span><\/p>\n<p><span style=\"font-weight: 400;\">No <strong>DNA da Bowe<\/strong>, desde sempre trabalhamos com mais <strong>pragmatismo<\/strong>, com olhar <strong>intensivo<\/strong> para <strong>indicadores<\/strong> e <strong>zero achismos<\/strong>, <em>buzz words<\/em> e bl\u00e1 bl\u00e1 bl\u00e1.<\/span><\/p>\n<p><span style=\"font-weight: 400;\">Al\u00e9m disso, claro, a gente \u00e9 \u00e1gil pra caramba e especializados em B2B. Precisa explicar o impacto disso?<\/span><\/p>\n<p><span style=\"font-weight: 400;\">Nesses 12 meses entregamos mais que leads qualificados, traqueamento do lead e a capacidade de apontar o exato volume de venda originado pelas nossas estrat\u00e9gias. O que considero de maior valor, na verdade: <strong>n\u00f3s elevamos, com agilidade e resultados pr\u00e1ticos, o n\u00edvel maturidade em marketing e vendas.<\/strong><\/span><\/p>\n<p><span style=\"font-weight: 400;\">Porque<span style=\"color: #ff0000;\"><strong><a target=\"_blank\" href=\"https:\/\/wordpress.bowe.com.br\/blog\/2020\/04\/28\/como-integrar-marketing-e-vendas\/\" rel=\"noopener noreferrer\"> gerar lead qualificado pro time de vendas<\/a><\/strong><\/span> j\u00e1 est\u00e1 no campo do b\u00e1sico h\u00e1 algum tempo.\u00a0<\/span><\/p>\n<p><span style=\"font-weight: 400;\">O desafio maior est\u00e1 em unir tudo isso a uma vis\u00e3o de longo prazo e sustent\u00e1vel. N\u00e3o deixar de pensar em valor de marca quando falamos de m\u00eddia e gera\u00e7\u00e3o de leads. Buscar relev\u00e2ncia e resultados org\u00e2nicos. E manter sempre a busca de desenvolver as marcas para que sejam <strong>autoridades no mercado que atuam.<\/strong><\/span><\/p>\n<p>E n\u00e3o d\u00e1 pra ter esse n\u00edvel de conversa com <strong>qualquer empresa<\/strong>, certo? Por isso, estamos buscando exatamente aquelas empresas que v\u00e3o se destacar no nosso pipeline. N\u00e3o pelo tamanho dela, mas sim pela forma que ela enxerga <strong>prioridades na gera\u00e7\u00e3o e convers\u00e3o de demanda e qual a expectativa dela sobre indicadores a curto e a longo prazo.<\/strong><\/p>\n<p>Se voc\u00ea se v\u00ea como uma dessas empresas, acredito que seu lugar seja com a gente! E podemos conversar sobre isso. Entre em contato conosco <a href=\"https:\/\/bit.ly\/3jptQ1e\">aqui<\/a>.<\/p>\n","protected":false},"excerpt":{"rendered":"<p>Recentemente fizemos anivers\u00e1rio de 1 ano de parceria entre Lenovo e Bowe. Reflito muito sobre o porqu\u00ea dessa parceria parecer&#8230;<\/p>\n","protected":false},"author":3,"featured_media":1346,"comment_status":"open","ping_status":"open","sticky":false,"template":"","format":"standard","meta":{"_links_to":"","_links_to_target":""},"categories":[71],"tags":[],"_links":{"self":[{"href":"https:\/\/wordpress.bowe.com.br\/blog\/wp-json\/wp\/v2\/posts\/1339"}],"collection":[{"href":"https:\/\/wordpress.bowe.com.br\/blog\/wp-json\/wp\/v2\/posts"}],"about":[{"href":"https:\/\/wordpress.bowe.com.br\/blog\/wp-json\/wp\/v2\/types\/post"}],"author":[{"embeddable":true,"href":"https:\/\/wordpress.bowe.com.br\/blog\/wp-json\/wp\/v2\/users\/3"}],"replies":[{"embeddable":true,"href":"https:\/\/wordpress.bowe.com.br\/blog\/wp-json\/wp\/v2\/comments?post=1339"}],"version-history":[{"count":8,"href":"https:\/\/wordpress.bowe.com.br\/blog\/wp-json\/wp\/v2\/posts\/1339\/revisions"}],"predecessor-version":[{"id":1782,"href":"https:\/\/wordpress.bowe.com.br\/blog\/wp-json\/wp\/v2\/posts\/1339\/revisions\/1782"}],"wp:featuredmedia":[{"embeddable":true,"href":"https:\/\/wordpress.bowe.com.br\/blog\/wp-json\/wp\/v2\/media\/1346"}],"wp:attachment":[{"href":"https:\/\/wordpress.bowe.com.br\/blog\/wp-json\/wp\/v2\/media?parent=1339"}],"wp:term":[{"taxonomy":"category","embeddable":true,"href":"https:\/\/wordpress.bowe.com.br\/blog\/wp-json\/wp\/v2\/categories?post=1339"},{"taxonomy":"post_tag","embeddable":true,"href":"https:\/\/wordpress.bowe.com.br\/blog\/wp-json\/wp\/v2\/tags?post=1339"}],"curies":[{"name":"wp","href":"https:\/\/api.w.org\/{rel}","templated":true}]}}